{"id":17230,"date":"2019-06-28T15:35:51","date_gmt":"2019-06-28T13:35:51","guid":{"rendered":"https:\/\/www.apiagentura.gov.cz\/?p=17230"},"modified":"2019-06-28T15:35:51","modified_gmt":"2019-06-28T13:35:51","slug":"oznameni-tykajici-se-planovanych-vyzev-s-terminem-vyhlaseni-cerven-cervenec","status":"publish","type":"post","link":"https:\/\/apiagentura.gov.cz\/cs\/oznameni-tykajici-se-planovanych-vyzev-s-terminem-vyhlaseni-cerven-cervenec\/","title":{"rendered":"Ozn\u00e1men\u00ed t\u00fdkaj\u00edc\u00ed se pl\u00e1novan\u00fdch v\u00fdzev s term\u00ednem vyhl\u00e1\u0161en\u00ed \u010derven\/\u010dervenec"},"content":{"rendered":"<p>Ministerstvo pr\u016fmyslu a obchodu (MPO), jako\u017eto \u0158\u00eddic\u00ed org\u00e1n Opera\u010dn\u00edho programu Podnik\u00e1n\u00ed a inovace pro konkurenceschopnost (OP PIK)\u00a0vyd\u00e1v\u00e1\u00a0ozn\u00e1men\u00ed pro \u017eadatele a p\u0159\u00edjemce podpory z OP PIK, t\u00fdkaj\u00edc\u00ed se pl\u00e1novan\u00fdch v\u00fdzev s\u00a0term\u00ednem vyhl\u00e1\u0161en\u00ed \u010derven\/\u010dervenec 2019.<\/p>\n<p>S\u00a0ohledem na d\u00edl\u010d\u00ed \u00fapravy v Modelech hodnocen\u00ed a krit\u00e9ri\u00edch pro hodnocen\u00ed a v\u00fdb\u011br projekt\u016f, kter\u00e9 nebyly do\u0159e\u0161eny na 13. zased\u00e1n\u00ed Monitorovac\u00edho v\u00fdboru OP PIK, bude nezbytn\u00e9 tyto \u00fapravy projednat a schv\u00e1lit Monitorovac\u00edm v\u00fdborem formou per rollam. Z\u00a0tohoto d\u016fvodu <strong>bude vyhl\u00e1\u0161en\u00ed prvn\u00edch v\u00fdzev p\u0159esunuto na 16.7.2019.<\/strong><\/p>\n<p>\u00dapravy povedou k zaji\u0161t\u011bn\u00ed efektivn\u011bj\u0161\u00ed administrace \u017e\u00e1dost\u00ed o podporu v r\u00e1mci v\u0161ech p\u0159ipravovan\u00fdch v\u00fdzev OP PIK.<\/p>\n<p><strong>V\u00fd\u0161e uveden\u00e9 se vztahuje na:<\/strong><\/p>\n<ul>\n<li>V\u00fdzvu VI programu Spolupr\u00e1ce &#8211; Klastry,<\/li>\n<li>V\u00fdzvu IV programu Nemovitosti &#8211; Cestovn\u00ed ruch,<\/li>\n<li>V\u00fdzvu V programu Nemovitosti &#8211; Uheln\u00e9 regiony,<\/li>\n<li>V\u00fdzvu I programu Poradenstv\u00ed &#8211;\u00a0Slu\u017eby pro MSP,<\/li>\n<li>V\u00fdzvu X programu Technologie &#8211; Pr\u016fmysl 4.0,<\/li>\n<li>V\u00fdzvu V programu Obnoviteln\u00e9 zdroje energie &#8211; aktivita\u00a0Biomasa &#8211; KVET,<\/li>\n<li>V\u00fdzvu V programu Obnoviteln\u00e9 zdroje energie &#8211; aktivita\u00a0MVE,<\/li>\n<li>V\u00fdzvu V programu Obnoviteln\u00e9 zdroje energie &#8211; aktivita Sol\u00e1rn\u00ed kolektory,<\/li>\n<li>V\u00fdzvu V programu Obnoviteln\u00e9 zdroje energie &#8211; aktivita Tepeln\u00e1 \u010derpadla,<\/li>\n<li>V\u00fdzvu V programu Obnoviteln\u00e9 zdroje energie &#8211; aktivita V\u011btrn\u00e9 elektr\u00e1rny,<\/li>\n<li>V\u00fdzvu V programu Obnoviteln\u00e9 zdroje energie &#8211; aktivita V\u00fdtopny na biomasu,<\/li>\n<li>V\u00fdzvu V programu Obnoviteln\u00e9 zdroje energie &#8211; aktivita Vyveden\u00ed tepla z bioplynov\u00fdch stanic,<\/li>\n<li>V\u00fdzvu V programu Smart Grids I &#8211; LDS,<\/li>\n<li>V\u00fdzva V programu \u00daspory energie.<\/li>\n<\/ul>\n<p>D\u00e1le na vybran\u00e9 v\u00fdzvy ITI, kter\u00e9 jsou uvedeny v p\u016fvodn\u00edm ozn\u00e1men\u00ed, dostupn\u00e9m na <a href=\"https:\/\/www.mpo.cz\/cz\/podnikani\/dotace-a-podpora-podnikani\/oppik-2014-2020\/aktualni-informace\/oznameni-tykajici-se-planovanych-vyzev-s-terminem-vyhlaseni-cerven-cervenec--247233\/\">webov\u00fdch str\u00e1nk\u00e1ch MPO<\/a>.<\/p>","protected":false},"excerpt":{"rendered":"<p>Doch\u00e1z\u00ed k posunut\u00ed pl\u00e1novan\u00fdch v\u00fdzev na 16.7.2019<\/p>\n","protected":false},"author":1,"featured_media":17231,"comment_status":"closed","ping_status":"closed","sticky":false,"template":"","format":"standard","meta":{"inline_featured_image":false,"footnotes":""},"categories":[1],"tags":[],"class_list":["post-17230","post","type-post","status-publish","format-standard","has-post-thumbnail","hentry","category-novinky"],"publishpress_future_action":{"enabled":false,"date":"2026-05-07 05:32:15","action":"change-status","newStatus":"draft","terms":[],"taxonomy":"category","extraData":[]},"publishpress_future_workflow_manual_trigger":{"enabledWorkflows":[]},"_links":{"self":[{"href":"https:\/\/apiagentura.gov.cz\/cs\/wp-json\/wp\/v2\/posts\/17230","targetHints":{"allow":["GET"]}}],"collection":[{"href":"https:\/\/apiagentura.gov.cz\/cs\/wp-json\/wp\/v2\/posts"}],"about":[{"href":"https:\/\/apiagentura.gov.cz\/cs\/wp-json\/wp\/v2\/types\/post"}],"author":[{"embeddable":true,"href":"https:\/\/apiagentura.gov.cz\/cs\/wp-json\/wp\/v2\/users\/1"}],"replies":[{"embeddable":true,"href":"https:\/\/apiagentura.gov.cz\/cs\/wp-json\/wp\/v2\/comments?post=17230"}],"version-history":[{"count":0,"href":"https:\/\/apiagentura.gov.cz\/cs\/wp-json\/wp\/v2\/posts\/17230\/revisions"}],"wp:featuredmedia":[{"embeddable":true,"href":"https:\/\/apiagentura.gov.cz\/cs\/wp-json\/wp\/v2\/media\/17231"}],"wp:attachment":[{"href":"https:\/\/apiagentura.gov.cz\/cs\/wp-json\/wp\/v2\/media?parent=17230"}],"wp:term":[{"taxonomy":"category","embeddable":true,"href":"https:\/\/apiagentura.gov.cz\/cs\/wp-json\/wp\/v2\/categories?post=17230"},{"taxonomy":"post_tag","embeddable":true,"href":"https:\/\/apiagentura.gov.cz\/cs\/wp-json\/wp\/v2\/tags?post=17230"}],"curies":[{"name":"wp","href":"https:\/\/api.w.org\/{rel}","templated":true}]}}