{"id":21532,"date":"2020-04-15T12:45:18","date_gmt":"2020-04-15T10:45:18","guid":{"rendered":"https:\/\/www.apiagentura.gov.cz\/?p=21532"},"modified":"2020-05-05T14:58:10","modified_gmt":"2020-05-05T12:58:10","slug":"prehled-dulezitych-odkazu-s-aktualnimi-informacemi-pro-podnikatele","status":"publish","type":"post","link":"https:\/\/apiagentura.gov.cz\/cs\/prehled-dulezitych-odkazu-s-aktualnimi-informacemi-pro-podnikatele\/","title":{"rendered":"P\u0159ehled d\u016fle\u017eit\u00fdch odkaz\u016f s aktu\u00e1ln\u00edmi informacemi pro podnikatele"},"content":{"rendered":"<p><\/p>\n<p style=\"text-align: justify;\">V\u00e1\u017een\u00ed z\u00e1stupci podnikatelsk\u00e9ho sektoru, p\u0159in\u00e1\u0161\u00edme V\u00e1m stru\u010dn\u00fd <strong>p\u0159ehled u\u017eite\u010dn\u00fdch informac\u00ed a odkaz\u016f<\/strong>, kter\u00e9 m\u016f\u017eete vyu\u017e\u00edt p\u0159i \u0159e\u0161en\u00ed komplikac\u00ed ve Va\u0161\u00ed podnikatelsk\u00e9 \u010dinnosti zp\u016fsoben\u00fdch aktu\u00e1ln\u00ed krizovou situac\u00ed v \u010cesk\u00e9 republice.<\/p>\n<p>Aktualizov\u00e1no dne 5. kv\u011btna 2020.<\/p>\n<p>&nbsp;<\/p>\n<p style=\"text-align: justify;\"><strong><u>Informa\u010dn\u00ed linka pro podnikatele ke COVID<\/u><\/strong><\/p>\n<p style=\"text-align: justify;\">Telefonn\u00ed \u010d\u00edslo <strong>224 854\u00a0444<\/strong> &#8211; Speci\u00e1ln\u00ed informa\u010dn\u00ed linka pro \u017eivnostn\u00edky\u00a0a podnikatele Ministerstva pr\u016fmyslu a obchodu v souvislosti s nouzov\u00fdm stavem vyvolan\u00fdm pandemi\u00ed koronaviru.<\/p>\n<p>&nbsp;<\/p>\n<p style=\"text-align: justify;\"><span style=\"text-decoration: underline;\"><strong>P\u0159ehled pomoci podnikatel\u016fm a \u017eivnostn\u00edk\u016fm<\/strong><\/span><\/p>\n<p style=\"text-align: justify;\">V\u0161echna mimo\u0159\u00e1dn\u00e1 opat\u0159en\u00ed p\u0159ijat\u00e1 v souvislosti s pandemi\u00ed COVID-19 najdete <a href=\"https:\/\/www.mpo.cz\/cz\/rozcestnik\/pro-media\/tiskove-zpravy\/prehled-pomoci-podnikatelum-a-zivnostnikum--253649\/\">ZDE<\/a>. P\u0159ehlednou tabulku pomoci\u00a0pro firmy a opat\u0159en\u00ed pro OSV\u010c si pak m\u016f\u017eete st\u00e1hnout <a href=\"https:\/\/www.mpo.cz\/cz\/rozcestnik\/pro-media\/tiskove-zpravy\/opatreni-na-pomoc-podnikatelum-a-zivnostnikum--253690\/\">zde<\/a>.<\/p>\n<p>&nbsp;<\/p>\n<p style=\"text-align: justify;\"><strong><u>Odpov\u011bdi na nej\u010dast\u011bj\u0161\u00ed ot\u00e1zky<\/u><\/strong><\/p>\n<p style=\"text-align: justify;\">Odpov\u011bdi na nej\u010dast\u011bj\u0161\u00ed ot\u00e1zky spojen\u00e9 s\u00a0dopady opat\u0159en\u00ed na podnikatele jsou pr\u016fb\u011b\u017en\u011b zve\u0159ej\u0148ov\u00e1ny na webu Businessinfo\u00a0<a href=\"https:\/\/www.businessinfo.cz\/clanky\/odpovedi-na-nejcastejsi-dotazy-podnikatelu-ohledne-aktualnich-opatreni-proti-sireni-koronaviru\/\">ZDE<\/a>.<\/p>\n<p>&nbsp;<\/p>\n<p style=\"text-align: justify;\"><span style=\"text-decoration: underline;\"><strong>Informa\u010dn\u00ed rozcestn\u00edk Ministerstva pr\u016fmyslu a obchodu<\/strong><\/span><\/p>\n<p style=\"text-align: justify;\">Ministerstvo pr\u016fmyslu a obchodu, \u0159\u00edd\u00edc\u00ed org\u00e1n OP PIK, uve\u0159ejnilo v souvislosti s koronavirem\u00a0<a href=\"https:\/\/www.mpo.cz\/cz\/rozcestnik\/pro-media\/tiskove-zpravy\/dalsi-zdroje-informaci--253808\/\">ROZCESTN\u00cdK<\/a>, ve kter\u00e9m najdete krom\u011b odkaz\u016f na gestory jednotliv\u00fdch oblast\u00ed, tak\u00e9 pot\u0159ebn\u00e1 telefonn\u00ed \u010d\u00edsla,\u00a0kontakty\u00a0na zdravotn\u00ed poji\u0161\u0165ovny, odkazy na informa\u010dn\u00ed materi\u00e1ly ke sta\u017een\u00ed \u010di\u00a0usnesen\u00ed vl\u00e1dy.<\/p>\n<p>&nbsp;<\/p>\n<p style=\"text-align: justify;\"><span style=\"text-decoration: underline;\"><strong>COVID kalkula\u010dka<\/strong><\/span><\/p>\n<p style=\"text-align: justify;\">P\u0159ehledn\u00e1 aplikace, pomoc\u00ed kter\u00e9 jednodu\u0161e zjist\u00edte,\u00a0<strong>na co m\u00e1te<\/strong>\u00a0<strong>v dob\u011b koronaviru jako podnikatel, firma nebo zam\u011bstnanec n\u00e1rok<\/strong>. Kalkula\u010dku m\u016f\u017eete vyzkou\u0161et na str\u00e1nce <a href=\"https:\/\/jaknacovid.cz\/\">jaknacovid.cz<\/a>.<\/p>\n<p>&nbsp;<\/p>\n<p style=\"text-align: justify;\"><span style=\"text-decoration: underline;\"><strong>Program\u00a0Czech Rise Up \u2013 Chytr\u00e1 opat\u0159en\u00ed proti COVID-19<\/strong><\/span><\/p>\n<p style=\"text-align: justify;\">MPO chce prost\u0159ednictv\u00edm tohoto programu podpo\u0159it rychl\u00e9 zaveden\u00ed nov\u00fdch \u0159e\u0161en\u00ed, kter\u00e1 mohou pomoci s bojem proti koronaviru. Ve \u010dtvrtek <strong>2. dubna 2020 byla<\/strong> <strong>vyhl\u00e1\u0161ena v\u00fdzva programu Czech Rise Up<\/strong>. <strong>\u017d\u00e1dosti o podporu je mo\u017en\u00e9 pod\u00e1vat pouze prost\u0159ednictv\u00edm datov\u00e9 schr\u00e1nky Ministerstva pr\u016fmyslu a obchodu.<\/strong> V\u00edce informac\u00ed naleznete <a href=\"https:\/\/www.mpo.cz\/cz\/podnikani\/dotace-a-podpora-podnikani\/program-czech-rise-up\/program-czech-rise-up---chytra-opatreni-proti-covid19--253805\/\">ZDE<\/a>.<\/p>\n<p>&nbsp;<\/p>\n<p style=\"text-align: justify;\"><span style=\"text-decoration: underline;\"><strong>Ve\u0159ejn\u00e1 sout\u011b\u017e v programu The Country for the Future &#8211; zam\u011b\u0159en\u00ed na COVID-19<\/strong><\/span><\/p>\n<p style=\"text-align: justify;\">MPO vyhl\u00e1silo ve\u0159ejnou sout\u011b\u017e s c\u00edlem podpo\u0159it firmy, kter\u00e9 zav\u00e1d\u011bj\u00ed <strong>inovace do praxe<\/strong>, aby bojovaly s koronavirem. Detailn\u00ed podm\u00ednky sout\u011b\u017ee naleznete <a href=\"https:\/\/www.mpo.cz\/cz\/podnikani\/podpora-vyzkumu-a-vyvoje\/vyhlaseni-druhe-verejne-souteze-v-programu-the-country-for-the-future-_-zamereni-covid-19--253794\/\">ZDE<\/a>.<\/p>\n<p>&nbsp;<\/p>\n<p style=\"text-align: justify;\"><span style=\"text-decoration: underline;\"><strong>Bez\u00faro\u010dn\u00fd \u00fav\u011br COVID a z\u00e1ruka COVID II \u010cMZRB<\/strong><\/span><\/p>\n<p style=\"text-align: justify;\">Sledujte <a href=\"https:\/\/www.cmzrb.cz\/\">webov\u00e9 str\u00e1nky<\/a>\u00a0\u010ceskomoravsk\u00e9 z\u00e1ru\u010dn\u00ed a rozvojov\u00e9 banky (\u010cMZRB) pro aktu\u00e1ln\u00ed informace o stavu v\u00fdzev na podporu mal\u00fdch a st\u0159edn\u00edch podnikatel\u016f formou finan\u010dn\u00edch n\u00e1stroj\u016f \u2013 bez\u00faro\u010dn\u00fdch \u00fav\u011br\u016f a z\u00e1ruk ke komer\u010dn\u00edm \u00fav\u011br\u016fm.<\/p>\n<p>&nbsp;<\/p>\n<p style=\"text-align: justify;\"><span style=\"text-decoration: underline;\"><strong>Aktu\u00e1ln\u00ed nouzov\u00fd stav\/omezen\u00ed v jednotliv\u00fdch sektorech<\/strong><\/span><\/p>\n<p style=\"text-align: justify;\">V jedn\u00e9 tabulce\u00a0<a href=\"https:\/\/www.mpo.cz\/cz\/rozcestnik\/pro-media\/tiskove-zpravy\/aktualni-nouzovy-stav-omezeni-v-jednotlivych-sektorech-k-17--3--2020--253513\/\">ZDE<\/a> najdete,\u00a0jak\u00e9 podnikatelsk\u00e9 aktivity jsou\u00a0\u010di nejsou v sou\u010dasn\u00e9 dob\u011b\u00a0(ke dni 4. 5. 2020) omezeny v souvislosti s koronavirem. Na stejn\u00e9m odkazu je dostupn\u00fd i harmonogram\u00a0postupn\u00e9ho uvoln\u011bn\u00ed podnikatelsk\u00fdch a dal\u0161\u00edch \u010dinnost\u00ed,\u00a0kdy prvn\u00ed vlnu toho, co se bude otv\u00edrat, potvrdila vl\u00e1da v p\u00e1tek\u00a0<a href=\"https:\/\/www.vlada.cz\/cz\/media-centrum\/aktualne\/vlada-navrhla-zvyseni-osetrovneho-a-potvrdila-od-pondeli-castecne-uvolneni-nekterych-opatreni-181074\/\">17. dubna 2020<\/a>.\u00a0A ve \u010dtvrtek\u00a0<a href=\"https:\/\/www.mpo.cz\/cz\/rozcestnik\/pro-media\/tiskove-zpravy\/za-priznive-situace-se-uvolneni-podnikani-a-dalsich-cinnosti-urychli--254187\/\">23. dubna 2020\u00a0<\/a>mohla vl\u00e1da d\u00edky p\u0159\u00edzniv\u00e9mu v\u00fdvoji rozhodnout o\u00a0rychlej\u0161\u00edm uvoln\u011bn\u00ed mimo\u0159\u00e1dn\u00fdch opat\u0159en\u00ed.<\/p>\n<p>&nbsp;<\/p>\n<p style=\"text-align: justify;\"><span style=\"text-decoration: underline;\"><strong>Opat\u0159en\u00ed Evropsk\u00e9 komise v reakci na koronavirus<\/strong><\/span><\/p>\n<p style=\"text-align: justify;\">Webov\u00e1 str\u00e1nka Evropsk\u00e9 komise v\u011bnovan\u00e1 opat\u0159en\u00edm, postup\u016fm a politik\u00e1m ve v\u0161ech relevantn\u00edch oblastech:<\/p>\n<p style=\"text-align: justify;\"><a href=\"https:\/\/ec.europa.eu\/info\/live-work-travel-eu\/health\/coronavirus-response_cs\">https:\/\/ec.europa.eu\/info\/live-work-travel-eu\/health\/coronavirus-response_cs<\/a><\/p>\n<p>&nbsp;<\/p>\n<p style=\"text-align: justify;\"><strong><u>Obecn\u00e9 informace ke COVID pro v\u0161echny obyvatele \u010cR<\/u><\/strong><\/p>\n<p style=\"text-align: justify;\">Podrobn\u00e9 informace o v\u00fdvoji situace v \u010cesku poskytuje <strong>speci\u00e1ln\u00ed webov\u00e1 str\u00e1nka<\/strong>\u00a0<a href=\"https:\/\/koronavirus.mzcr.cz\/\">koronavirus.mzcr.cz<\/a>.\u00a0Z\u0159\u00edzena byla rovn\u011b\u017e <strong>nov\u00e1<\/strong>\u00a0<strong>informa\u010dn\u00ed linka v souvislosti s koronavirem<\/strong>, je\u017e m\u00e1 telefonn\u00ed \u010d\u00edslo\u00a0<strong>1212<\/strong>.<\/p>\n<p>&nbsp;<\/p>\n<p style=\"text-align: justify;\">Informace budou pr\u016fb\u011b\u017en\u011b aktualizov\u00e1ny a dopl\u0148ov\u00e1ny.<\/p>\n<p style=\"text-align: justify;\">\n<p><\/p>","protected":false},"excerpt":{"rendered":"<p>Praktick\u00e9 informace v kontextu s koronavirem<\/p>\n","protected":false},"author":1,"featured_media":21533,"comment_status":"closed","ping_status":"closed","sticky":false,"template":"","format":"standard","meta":{"inline_featured_image":false,"footnotes":""},"categories":[1],"tags":[],"class_list":["post-21532","post","type-post","status-publish","format-standard","has-post-thumbnail","hentry","category-novinky"],"publishpress_future_action":{"enabled":false,"date":"2026-05-06 23:58:53","action":"change-status","newStatus":"draft","terms":[],"taxonomy":"category","extraData":[]},"publishpress_future_workflow_manual_trigger":{"enabledWorkflows":[]},"_links":{"self":[{"href":"https:\/\/apiagentura.gov.cz\/cs\/wp-json\/wp\/v2\/posts\/21532","targetHints":{"allow":["GET"]}}],"collection":[{"href":"https:\/\/apiagentura.gov.cz\/cs\/wp-json\/wp\/v2\/posts"}],"about":[{"href":"https:\/\/apiagentura.gov.cz\/cs\/wp-json\/wp\/v2\/types\/post"}],"author":[{"embeddable":true,"href":"https:\/\/apiagentura.gov.cz\/cs\/wp-json\/wp\/v2\/users\/1"}],"replies":[{"embeddable":true,"href":"https:\/\/apiagentura.gov.cz\/cs\/wp-json\/wp\/v2\/comments?post=21532"}],"version-history":[{"count":0,"href":"https:\/\/apiagentura.gov.cz\/cs\/wp-json\/wp\/v2\/posts\/21532\/revisions"}],"wp:featuredmedia":[{"embeddable":true,"href":"https:\/\/apiagentura.gov.cz\/cs\/wp-json\/wp\/v2\/media\/21533"}],"wp:attachment":[{"href":"https:\/\/apiagentura.gov.cz\/cs\/wp-json\/wp\/v2\/media?parent=21532"}],"wp:term":[{"taxonomy":"category","embeddable":true,"href":"https:\/\/apiagentura.gov.cz\/cs\/wp-json\/wp\/v2\/categories?post=21532"},{"taxonomy":"post_tag","embeddable":true,"href":"https:\/\/apiagentura.gov.cz\/cs\/wp-json\/wp\/v2\/tags?post=21532"}],"curies":[{"name":"wp","href":"https:\/\/api.w.org\/{rel}","templated":true}]}}