{"id":22599,"date":"2020-05-27T08:52:27","date_gmt":"2020-05-27T06:52:27","guid":{"rendered":"https:\/\/www.apiagentura.gov.cz\/?p=22599"},"modified":"2020-05-27T08:52:27","modified_gmt":"2020-05-27T06:52:27","slug":"prodlouzeni-terminu-prijmu-zadosti-u-vyzev-op-pik-2","status":"publish","type":"post","link":"https:\/\/apiagentura.gov.cz\/cs\/prodlouzeni-terminu-prijmu-zadosti-u-vyzev-op-pik-2\/","title":{"rendered":"Prodlou\u017een\u00ed term\u00edn\u016f p\u0159\u00edjmu \u017e\u00e1dost\u00ed u v\u00fdzev OP PIK"},"content":{"rendered":"<p><\/p>\n<div class=\"single-content text1\">\n<p>V\u00e1\u017een\u00ed \u017eadatel\u00e9, r\u00e1di bychom V\u00e1s informovali o <a href=\"https:\/\/www.mpo.cz\/cz\/podnikani\/dotace-a-podpora-podnikani\/oppik-2014-2020\/aktualni-informace\/ministerstvo-prumyslu-a-obchodu-prodluzuje-terminy-pro-prijem-zadosti-u-vyzev-op-pik--254817\/\">rozhodnut\u00ed Ministerstva pr\u016fmyslu a obchodu<\/a>, \u0159\u00edd\u00edc\u00edho org\u00e1nu OP PIK, kter\u00e9 bylo p\u0159ijato v n\u00e1vaznosti na aktu\u00e1ln\u00ed v\u00fdvoj virov\u00e9 n\u00e1kazy Covid-19, p\u0159ijat\u00e1 preventivn\u00ed opat\u0159en\u00ed v\u00a0\u010cR a s t\u00edm souvisej\u00edc\u00ed problematick\u00e9 zaji\u0161t\u011bn\u00ed relevantn\u00edch povinn\u00fdch p\u0159\u00edloh od t\u0159et\u00edch stran. MPO proto rozhodlo o <strong>prodlou\u017een\u00ed term\u00edn\u016f pro p\u0159\u00edjem \u017e\u00e1dost\u00ed u n\u00e1sleduj\u00edc\u00ed v\u00fdzvy na nov\u00fd term\u00edny<\/strong>:<\/p>\n<p>Nemovitosti \u2013 V\u00fdzva IV Cestovn\u00ed ruch \u2013 do 30. 6. 2020,<\/p>\n<p><strong>Spole\u010dn\u011b s\u00a0t\u00edmto se o 30 dn\u00ed prodlu\u017euj\u00ed i ve\u0161ker\u00e9 pevn\u00e9 term\u00edny uveden\u00e9 v t\u00e9to v\u00fdzv\u011b<\/strong>\u00a0(nejzaz\u0161\u00ed term\u00edn ukon\u010den\u00ed projektu, pevn\u00e9 term\u00edny pro dolo\u017een\u00ed relevantn\u00edch povinn\u00fdch p\u0159\u00edloh apod.).<\/p>\n<\/div>\n<div class=\"clearfix\"><\/div>\n<div class=\"row pagi single-pagination\"><\/div>\n<p><\/p>","protected":false},"excerpt":{"rendered":"<p>MPO reaguje na situaci spojenou s \u0161\u00ed\u0159en\u00edm Covid-19<\/p>\n","protected":false},"author":35,"featured_media":22229,"comment_status":"closed","ping_status":"closed","sticky":false,"template":"","format":"standard","meta":{"inline_featured_image":false,"footnotes":""},"categories":[1],"tags":[],"class_list":["post-22599","post","type-post","status-publish","format-standard","has-post-thumbnail","hentry","category-novinky"],"publishpress_future_action":{"enabled":false,"date":"2026-05-07 01:19:56","action":"change-status","newStatus":"draft","terms":[],"taxonomy":"category","extraData":[]},"publishpress_future_workflow_manual_trigger":{"enabledWorkflows":[]},"_links":{"self":[{"href":"https:\/\/apiagentura.gov.cz\/cs\/wp-json\/wp\/v2\/posts\/22599","targetHints":{"allow":["GET"]}}],"collection":[{"href":"https:\/\/apiagentura.gov.cz\/cs\/wp-json\/wp\/v2\/posts"}],"about":[{"href":"https:\/\/apiagentura.gov.cz\/cs\/wp-json\/wp\/v2\/types\/post"}],"author":[{"embeddable":true,"href":"https:\/\/apiagentura.gov.cz\/cs\/wp-json\/wp\/v2\/users\/35"}],"replies":[{"embeddable":true,"href":"https:\/\/apiagentura.gov.cz\/cs\/wp-json\/wp\/v2\/comments?post=22599"}],"version-history":[{"count":0,"href":"https:\/\/apiagentura.gov.cz\/cs\/wp-json\/wp\/v2\/posts\/22599\/revisions"}],"wp:featuredmedia":[{"embeddable":true,"href":"https:\/\/apiagentura.gov.cz\/cs\/wp-json\/wp\/v2\/media\/22229"}],"wp:attachment":[{"href":"https:\/\/apiagentura.gov.cz\/cs\/wp-json\/wp\/v2\/media?parent=22599"}],"wp:term":[{"taxonomy":"category","embeddable":true,"href":"https:\/\/apiagentura.gov.cz\/cs\/wp-json\/wp\/v2\/categories?post=22599"},{"taxonomy":"post_tag","embeddable":true,"href":"https:\/\/apiagentura.gov.cz\/cs\/wp-json\/wp\/v2\/tags?post=22599"}],"curies":[{"name":"wp","href":"https:\/\/api.w.org\/{rel}","templated":true}]}}