{"id":33254,"date":"2023-04-26T13:07:11","date_gmt":"2023-04-26T11:07:11","guid":{"rendered":"https:\/\/www.apiagentura.gov.cz\/?p=33254"},"modified":"2023-04-26T13:08:52","modified_gmt":"2023-04-26T11:08:52","slug":"api-mezi-nejlepsimi-urady-v-projektu-podpory-profesionalizace-a-kvality-statni-sluzby-a-statni-spravy-proak","status":"publish","type":"post","link":"https:\/\/apiagentura.gov.cz\/cs\/api-mezi-nejlepsimi-urady-v-projektu-podpory-profesionalizace-a-kvality-statni-sluzby-a-statni-spravy-proak\/","title":{"rendered":"API mezi nejlep\u0161\u00edmi \u00fa\u0159ady v projektu podpory profesionalizace a kvality st\u00e1tn\u00ed slu\u017eby a st\u00e1tn\u00ed spr\u00e1vy (PROAK)"},"content":{"rendered":"<div id=\"pl-33254\"  class=\"panel-layout\" ><div id=\"pg-33254-0\"  class=\"panel-grid panel-no-style\" ><div id=\"pgc-33254-0-0\"  class=\"panel-grid-cell\" ><div id=\"panel-33254-0-0-0\" class=\"so-panel widget widget_sow-editor panel-first-child panel-last-child\" data-index=\"0\" ><div\n\t\t\t\n\t\t\tclass=\"so-widget-sow-editor so-widget-sow-editor-base\"\n\t\t\t\n\t\t>\n<div class=\"siteorigin-widget-tinymce textwidget\">\n\t<p style=\"text-align: justify;\">Agentura pro podnik\u00e1n\u00ed a inovace (API) se za\u0159adila mezi dvacet dva \u00fa\u0159ad\u016f, kter\u00e9 v\u00a0<strong>projektu na podporu profesionalizace a kvality st\u00e1tn\u00ed slu\u017eby a st\u00e1tn\u00ed spr\u00e1vy z\u00edskali nejvy\u0161\u0161\u00ed ocen\u011bn\u00ed<\/strong>. Ocen\u011bn\u00ed p\u0159evzali z\u00e1stupci API od Ministerstva vnitra, realiz\u00e1tora projektu, na z\u00e1v\u011bre\u010dn\u00e9 konferenci PROAK 20. dubna 2023 v Kaiser\u0161tejnsk\u00e9m pal\u00e1ci v\u00a0Praze.<\/p>\n<p style=\"text-align: justify;\"><strong>Projekt PROAK je ur\u010den pro spr\u00e1vn\u00ed a slu\u017eebn\u00ed \u00fa\u0159ady a jejich zam\u011bstnance a kon\u010d\u00ed po t\u00e9m\u011b\u0159 sedmi letech ke konci leto\u0161n\u00edho \u010dervna<\/strong>. <em>\u201eAktivity a v\u00fdstupy projektu zahrnovaly nap\u0159\u00edklad podporu procesu \u00fa\u0159ednick\u00e9 zkou\u0161ky, inovaci vstupn\u00edho vzd\u011bl\u00e1v\u00e1n\u00ed n\u00e1sledn\u00e9ho, podporu zav\u00e1d\u011bn\u00ed \u0159\u00edzen\u00ed kvality ve slu\u017eebn\u00edch \u00fa\u0159adech, elektronick\u00fd syst\u00e9m pro sezn\u00e1men\u00ed s\u00a0dokumenty st\u00e1tn\u00ed slu\u017eby a realizaci konferenc\u00ed, odborn\u00fdch semin\u00e1\u0159\u016f a \u0161kolen\u00ed\u201c,<\/em> \u0159ekl Luk\u00e1\u0161 Vym\u011btal, gener\u00e1ln\u00ed \u0159editel API. Projekt tak celkov\u011b p\u0159isp\u011bl k <strong>profesionalizaci, vy\u0161\u0161\u00ed kvalit\u011b a dal\u0161\u00edmu rozvoji st\u00e1tn\u00ed slu\u017eby<\/strong> a sv\u00fdm obsahem podpo\u0159il implementaci z\u00e1kona \u010d. 234\/2014 Sb., o st\u00e1tn\u00ed slu\u017eb\u011b.<\/p>\n<p style=\"text-align: justify;\">\u00a0<em>\u201eProjekt n\u00e1m uk\u00e1zal, \u017ee ve st\u00e1tn\u00ed spr\u00e1v\u011b existuj\u00ed \u00fa\u0159ady, kter\u00e9 ve strategick\u00e9m \u0159\u00edzen\u00ed nebo n\u00e1boru zam\u011bstnanc\u016f funguj\u00ed stejn\u011b dob\u0159e jako soukrom\u00fd sektor. To je jejich skv\u011bl\u00e1 vizitka. Te\u010f jde o to nastavit procesy tak, aby podobn\u011b fungovaly v\u0161echny \u00fa\u0159ady. V tom vid\u00edm hlavn\u00ed smysl tohoto projektu,\u201c<\/em> uvedl V\u00edt Raku\u0161an, ministr vnitra, s t\u00edm, \u017ee profesionalizace st\u00e1tn\u00ed slu\u017eby a spr\u00e1vy nen\u00ed ot\u00e1zka jednoho projektu, ale dlouhodob\u00fdm procesem, kter\u00fd bude rozhodn\u011b pokra\u010dovat.<\/p>\n<p style=\"text-align: justify;\"><strong>Ocen\u011bn\u00ed:<\/strong><\/p>\n<p style=\"text-align: justify;\">Ministerstvo pro m\u00edstn\u00ed rozvoj,<\/p>\n<p style=\"text-align: justify;\">Ministerstvo financ\u00ed,<\/p>\n<p style=\"text-align: justify;\">Ministerstvo pr\u00e1ce a soci\u00e1ln\u00edch v\u011bc\u00ed,<\/p>\n<p style=\"text-align: justify;\">Agentura pro podnik\u00e1n\u00ed a inovace,<\/p>\n<p style=\"text-align: justify;\">Centrum pro region\u00e1ln\u00ed rozvoj,<\/p>\n<p style=\"text-align: justify;\">\u010cesk\u00fd statistick\u00fd \u00fa\u0159ad,<\/p>\n<p style=\"text-align: justify;\">\u010cesk\u00fd \u00fa\u0159ad pro zkou\u0161en\u00ed zbran\u00ed a st\u0159eliva,<\/p>\n<p style=\"text-align: justify;\">Krajsk\u00e1 hygienick\u00e1 stanice St\u0159edo\u010desk\u00e9ho kraje,<\/p>\n<p style=\"text-align: justify;\">Spr\u00e1va st\u00e1tn\u00edch hmotn\u00fdch rezerv,<\/p>\n<p style=\"text-align: justify;\">Spr\u00e1va z\u00e1kladn\u00edch registr\u016f,<\/p>\n<p style=\"text-align: justify;\">St\u00e1tn\u00ed fond dopravn\u00ed infrastruktury,<\/p>\n<p style=\"text-align: justify;\">St\u00e1tn\u00ed plavebn\u00ed spr\u00e1va,<\/p>\n<p style=\"text-align: justify;\">St\u00e1tn\u00ed pozemkov\u00fd \u00fa\u0159ad,<\/p>\n<p style=\"text-align: justify;\">St\u00e1tn\u00ed \u00fa\u0159ad inspekce pr\u00e1ce,<\/p>\n<p style=\"text-align: justify;\">St\u00e1tn\u00ed \u00fastav pro kontrolu l\u00e9\u010div,<\/p>\n<p style=\"text-align: justify;\">St\u00e1tn\u00ed veterin\u00e1rn\u00ed spr\u00e1va,<\/p>\n<p style=\"text-align: justify;\">St\u00e1tn\u00ed zem\u011bd\u011blsk\u00e1 a potravin\u00e1\u0159sk\u00e1 inspekce,<\/p>\n<p style=\"text-align: justify;\">St\u00e1tn\u00ed zem\u011bd\u011blsk\u00fd interven\u010dn\u00ed fond,<\/p>\n<p style=\"text-align: justify;\">\u00da\u0159ad pro mezin\u00e1rodn\u011bpr\u00e1vn\u00ed ochranu d\u011bt\u00ed,<\/p>\n<p style=\"text-align: justify;\">\u00da\u0159ad pr\u016fmyslov\u00e9ho vlastnictv\u00ed,<\/p>\n<p style=\"text-align: justify;\">\u00dastav pro st\u00e1tn\u00ed kontrolu veterin\u00e1rn\u00edch bioprepar\u00e1t\u016f a l\u00e9\u010div,<\/p>\n<p style=\"text-align: justify;\">\u00dast\u0159edn\u00ed kontroln\u00ed a zku\u0161ebn\u00ed \u00fastav zem\u011bd\u011blsk\u00fd.<\/p>\n<p>&nbsp;<\/p>\n<p style=\"text-align: justify;\">Podrobn\u011bj\u0161\u00ed informace o projektu najdete <a href=\"https:\/\/www.mvcr.cz\/sluzba\/clanek\/zaverecna-konference-projektu-podpora-profesionalizace-a-kvality-statni-sluzby-a-statni-spravy-se-vydarila.aspx\">zde<\/a>.<\/p>\n<\/div>\n<\/div><\/div><\/div><\/div><div id=\"pg-33254-1\"  class=\"panel-grid panel-no-style\" ><div id=\"pgc-33254-1-0\"  class=\"panel-grid-cell\" ><div id=\"panel-33254-1-0-0\" class=\"so-panel widget widget_sow-editor panel-first-child panel-last-child\" data-index=\"1\" ><div\n\t\t\t\n\t\t\tclass=\"so-widget-sow-editor so-widget-sow-editor-base\"\n\t\t\t\n\t\t>\n<div class=\"siteorigin-widget-tinymce textwidget\">\n\t<p><img loading=\"lazy\" decoding=\"async\" class=\"alignnone size-full wp-image-33256\" src=\"https:\/\/www.apiagentura.gov.cz\/wp-content\/uploads\/2023\/04\/novinka-optak-proak-2023-img-1.png\" alt=\"\" width=\"1080\" height=\"1080\" srcset=\"https:\/\/apiagentura.gov.cz\/wp-content\/uploads\/2023\/04\/novinka-optak-proak-2023-img-1.png 1080w, https:\/\/apiagentura.gov.cz\/wp-content\/uploads\/2023\/04\/novinka-optak-proak-2023-img-1-300x300.png 300w, https:\/\/apiagentura.gov.cz\/wp-content\/uploads\/2023\/04\/novinka-optak-proak-2023-img-1-1024x1024.png 1024w, https:\/\/apiagentura.gov.cz\/wp-content\/uploads\/2023\/04\/novinka-optak-proak-2023-img-1-150x150.png 150w, https:\/\/apiagentura.gov.cz\/wp-content\/uploads\/2023\/04\/novinka-optak-proak-2023-img-1-768x768.png 768w\" sizes=\"auto, (max-width: 1080px) 100vw, 1080px\" \/><\/p>\n<\/div>\n<\/div><\/div><\/div><div id=\"pgc-33254-1-1\"  class=\"panel-grid-cell\" ><div id=\"panel-33254-1-1-0\" class=\"so-panel widget widget_sow-editor panel-first-child panel-last-child\" data-index=\"2\" ><div\n\t\t\t\n\t\t\tclass=\"so-widget-sow-editor so-widget-sow-editor-base\"\n\t\t\t\n\t\t>\n<div class=\"siteorigin-widget-tinymce textwidget\">\n\t<p><img loading=\"lazy\" decoding=\"async\" class=\"alignnone size-full wp-image-33257\" src=\"https:\/\/www.apiagentura.gov.cz\/wp-content\/uploads\/2023\/04\/novinka-optak-proak-2023-img-2.png\" alt=\"\" width=\"1080\" height=\"1080\" srcset=\"https:\/\/apiagentura.gov.cz\/wp-content\/uploads\/2023\/04\/novinka-optak-proak-2023-img-2.png 1080w, https:\/\/apiagentura.gov.cz\/wp-content\/uploads\/2023\/04\/novinka-optak-proak-2023-img-2-300x300.png 300w, https:\/\/apiagentura.gov.cz\/wp-content\/uploads\/2023\/04\/novinka-optak-proak-2023-img-2-1024x1024.png 1024w, https:\/\/apiagentura.gov.cz\/wp-content\/uploads\/2023\/04\/novinka-optak-proak-2023-img-2-150x150.png 150w, https:\/\/apiagentura.gov.cz\/wp-content\/uploads\/2023\/04\/novinka-optak-proak-2023-img-2-768x768.png 768w\" sizes=\"auto, (max-width: 1080px) 100vw, 1080px\" \/><\/p>\n<\/div>\n<\/div><\/div><\/div><\/div><\/div>","protected":false},"excerpt":{"rendered":"<p>API z\u00edskala nejvy\u0161\u0161\u00ed ocen\u011bn\u00ed v projektu PROAK<\/p>\n","protected":false},"author":1,"featured_media":33255,"comment_status":"closed","ping_status":"closed","sticky":false,"template":"","format":"standard","meta":{"inline_featured_image":false,"footnotes":""},"categories":[1],"tags":[],"class_list":["post-33254","post","type-post","status-publish","format-standard","has-post-thumbnail","hentry","category-novinky"],"publishpress_future_action":{"enabled":false,"date":"2026-05-06 17:15:37","action":"change-status","newStatus":"draft","terms":[],"taxonomy":"category","extraData":[]},"publishpress_future_workflow_manual_trigger":{"enabledWorkflows":[]},"_links":{"self":[{"href":"https:\/\/apiagentura.gov.cz\/cs\/wp-json\/wp\/v2\/posts\/33254","targetHints":{"allow":["GET"]}}],"collection":[{"href":"https:\/\/apiagentura.gov.cz\/cs\/wp-json\/wp\/v2\/posts"}],"about":[{"href":"https:\/\/apiagentura.gov.cz\/cs\/wp-json\/wp\/v2\/types\/post"}],"author":[{"embeddable":true,"href":"https:\/\/apiagentura.gov.cz\/cs\/wp-json\/wp\/v2\/users\/1"}],"replies":[{"embeddable":true,"href":"https:\/\/apiagentura.gov.cz\/cs\/wp-json\/wp\/v2\/comments?post=33254"}],"version-history":[{"count":0,"href":"https:\/\/apiagentura.gov.cz\/cs\/wp-json\/wp\/v2\/posts\/33254\/revisions"}],"wp:featuredmedia":[{"embeddable":true,"href":"https:\/\/apiagentura.gov.cz\/cs\/wp-json\/wp\/v2\/media\/33255"}],"wp:attachment":[{"href":"https:\/\/apiagentura.gov.cz\/cs\/wp-json\/wp\/v2\/media?parent=33254"}],"wp:term":[{"taxonomy":"category","embeddable":true,"href":"https:\/\/apiagentura.gov.cz\/cs\/wp-json\/wp\/v2\/categories?post=33254"},{"taxonomy":"post_tag","embeddable":true,"href":"https:\/\/apiagentura.gov.cz\/cs\/wp-json\/wp\/v2\/tags?post=33254"}],"curies":[{"name":"wp","href":"https:\/\/api.w.org\/{rel}","templated":true}]}}