{"id":35426,"date":"2023-09-27T14:34:37","date_gmt":"2023-09-27T12:34:37","guid":{"rendered":"https:\/\/www.apiagentura.gov.cz\/?p=35426"},"modified":"2023-09-27T14:48:33","modified_gmt":"2023-09-27T12:48:33","slug":"api-na-mezinarodnim-strojirenskem-veletrhu-v-brne","status":"publish","type":"post","link":"https:\/\/apiagentura.gov.cz\/cs\/api-na-mezinarodnim-strojirenskem-veletrhu-v-brne\/","title":{"rendered":"API na Mezin\u00e1rodn\u00edm stroj\u00edrensk\u00e9m veletrhu v Brn\u011b"},"content":{"rendered":"<p>Chyst\u00e1te se na <strong>Mezin\u00e1rodn\u00ed stroj\u00edrensk\u00fd veletrh v\u00a0Brn\u011b<\/strong>, kter\u00fd prob\u011bhne <strong>od 10. do 13. 10. 2023<\/strong>? Pak v\u00e1s srde\u010dn\u011b zveme k\u00a0n\u00e1v\u0161t\u011bv\u011b <strong>\u010cesk\u00e9 n\u00e1rodn\u00ed expozice<\/strong>, kterou naleznete v <strong>Pavilonu P (st\u00e1nek 09)<\/strong> a j\u00ed\u017e jsme i letos sou\u010d\u00e1st\u00ed.<\/p>\n<p>Po celou dobu veletrhu zde budou k\u00a0dispozici na\u0161i z\u00e1stupci, kte\u0159\u00ed poskytnou konzulta\u010dn\u00ed a informa\u010dn\u00ed servis v\u0161em z\u00e1jemc\u016fm o dotace z OP TAK (a p\u0159\u00edjemce v programech OP PIK).<\/p>\n<p><strong>Semin\u00e1\u0159 Digitalizace s\u00a0OP TAK<\/strong><\/p>\n<p>V \u00fater\u00fd 10. 10. 2023 od 13:30 v Pavilonu P (st\u00e1nek 09) v\u00a0prostor\u00e1ch \u010cesk\u00e9 n\u00e1rodn\u00ed expozice prob\u011bhne n\u00e1\u0161 semin\u00e1\u0159 \u201eDigitalizace s\u00a0OP TAK\u201c, na kter\u00e9m spole\u010dn\u011b s\u00a0kolegy z\u00a0Ministerstva pr\u016fmyslu a obchodu p\u0159edstav\u00edme aktu\u00e1ln\u00ed a pl\u00e1novan\u00e9 v\u00fdzvy v\u00a0aktivit\u00e1ch Digit\u00e1ln\u00ed podnik a Technologie pro MAS ur\u010den\u00e9 na podporu zav\u00e1d\u011bn\u00ed digitalizace a automatizace v\u00a0mal\u00fdch a st\u0159edn\u00edch\u00a0podnic\u00edch.<\/p>\n<p>V\u00edce v pozv\u00e1nce <a href=\"https:\/\/www.apiagentura.gov.cz\/wp-content\/uploads\/2023\/09\/api-pozvanka-msv-2023.pdf\">zde<\/a>.<\/p>\n<p><strong>Semin\u00e1\u0159 Dekarbonizace pr\u016fmyslu d\u00edky cirkul\u00e1rn\u00ed ekonomice<\/strong><\/p>\n<p>Ve st\u0159edu 11. 10. 2023 od 13:30 v Pavilonu P (st\u00e1nek 09) v\u00a0prostor\u00e1ch \u010cesk\u00e9 n\u00e1rodn\u00ed expozice p\u0159edstav\u00edme v\u00fdzvy OP TAK zam\u011b\u0159en\u00e9 na cirkul\u00e1rn\u00ed \u0159e\u0161en\u00ed v\u00a0pr\u016fmyslov\u00fdch podnic\u00edch v\u00a0r\u00e1mci semin\u00e1\u0159e, kter\u00fd ve spolupr\u00e1ci S\u00a0Ministerstvem pr\u016fmyslu a obchodu po\u0159\u00e1d\u00e1 Institut cirkul\u00e1rn\u00ed ekonomiky.<\/p>\n<p>V\u00edce v\u00a0pozv\u00e1nce <a href=\"https:\/\/www.apiagentura.gov.cz\/cs\/udalosti\/vstup\/dekarbonizace-prumyslu-diky-cirkularni-ekonomice\/\">zde<\/a>.<\/p>\n<p><strong>\u010cesk\u00e1 n\u00e1rodn\u00ed expozice:<\/strong><\/p>\n<p>Pod jednou st\u0159echou se p\u0159edstav\u00ed a sv\u016fj informa\u010dn\u00ed servis nab\u00eddnou: Ministerstvo pr\u016fmyslu a obchodu \u010cR, Ministerstvo zahrani\u010dn\u00edch v\u011bc\u00ed \u010cR, Ministerstvo obrany \u010cR, Agentura pro podnik\u00e1n\u00ed a inovace, CzechInvest, CzechTrade, \u010cesk\u00e1 exportn\u00ed banka, Exportn\u00ed a garan\u010dn\u00ed poji\u0161\u0165ovac\u00ed agentura, N\u00e1rodn\u00ed rozvojov\u00e1 banka, Stroj\u00edrensk\u00fd zku\u0161ebn\u00ed \u00fastav, Technologick\u00e1 agentura \u010cR a \u00da\u0159ad pr\u016fmyslov\u00e9ho vlastnictv\u00ed.<\/p>\n<p>Sou\u010d\u00e1st\u00ed \u010cesk\u00e9 n\u00e1rodn\u00ed expozice bude i prezentace zaj\u00edmav\u00fdch projekt\u016f technologick\u00fdch inovac\u00ed podpo\u0159en\u00fdch z\u00a0<strong>OP PIK<\/strong> \u2013 nenechte si ji uj\u00edt. V\u00fdstava p\u0159edvede mimo jin\u00e9 modern\u00ed motory i mobiln\u00ed vod\u00edkov\u00fd zdroj elektrick\u00e9 energie a bude j\u00ed dominovat model letounu L-39NG. Unik\u00e1tn\u00ed p\u0159\u00edle\u017eitost\u00ed bude mo\u017enost vyzkou\u0161et si pilotov\u00e1n\u00ed tohoto letounu p\u0159\u00edmo na n\u00e1rodn\u00ed expozici.<\/p>\n<p>\u010cesk\u00e1 n\u00e1rodn\u00ed expozice nab\u00edz\u00ed bohat\u00fd doprovodn\u00fd program. Kompletn\u00ed p\u0159ehled naleznete na webu MPO <a href=\"https:\/\/www.mpo.cz\/udalost504.html\">zde.<\/a><\/p>\n<p>Semin\u00e1\u0159e z\u00a0\u010cesk\u00e9 n\u00e1rodn\u00ed expozice bude ministerstvo vys\u00edlat \u017eiv\u011b na sv\u00e9m\u00a0<a href=\"https:\/\/www.youtube.com\/channel\/UCwNM5NKJgVBGaaF-dHZq0wQ\/videos\">YouTube<\/a>\u00a0kan\u00e1lu.<\/p>\n<p><img loading=\"lazy\" decoding=\"async\" class=\"alignnone wp-image-35429 size-large\" src=\"https:\/\/www.apiagentura.gov.cz\/wp-content\/uploads\/2023\/09\/web-clanek-img-msv-2023-1024x1024.png\" alt=\"\" width=\"1024\" height=\"1024\" srcset=\"https:\/\/apiagentura.gov.cz\/wp-content\/uploads\/2023\/09\/web-clanek-img-msv-2023-1024x1024.png 1024w, https:\/\/apiagentura.gov.cz\/wp-content\/uploads\/2023\/09\/web-clanek-img-msv-2023-300x300.png 300w, https:\/\/apiagentura.gov.cz\/wp-content\/uploads\/2023\/09\/web-clanek-img-msv-2023-150x150.png 150w, https:\/\/apiagentura.gov.cz\/wp-content\/uploads\/2023\/09\/web-clanek-img-msv-2023-768x768.png 768w, https:\/\/apiagentura.gov.cz\/wp-content\/uploads\/2023\/09\/web-clanek-img-msv-2023.png 1060w\" sizes=\"auto, (max-width: 1024px) 100vw, 1024px\" \/><\/p>\n<p>&nbsp;<\/p>","protected":false},"excerpt":{"rendered":"<p>Konzultace i semin\u00e1\u0159 OP TAK<\/p>\n","protected":false},"author":1,"featured_media":35428,"comment_status":"closed","ping_status":"closed","sticky":false,"template":"","format":"standard","meta":{"inline_featured_image":false,"footnotes":""},"categories":[317],"tags":[],"class_list":["post-35426","post","type-post","status-publish","format-standard","has-post-thumbnail","hentry","category-novinky-op-tak"],"publishpress_future_action":{"enabled":false,"date":"2026-05-07 01:11:39","action":"change-status","newStatus":"draft","terms":[],"taxonomy":"category","extraData":[]},"publishpress_future_workflow_manual_trigger":{"enabledWorkflows":[]},"_links":{"self":[{"href":"https:\/\/apiagentura.gov.cz\/cs\/wp-json\/wp\/v2\/posts\/35426","targetHints":{"allow":["GET"]}}],"collection":[{"href":"https:\/\/apiagentura.gov.cz\/cs\/wp-json\/wp\/v2\/posts"}],"about":[{"href":"https:\/\/apiagentura.gov.cz\/cs\/wp-json\/wp\/v2\/types\/post"}],"author":[{"embeddable":true,"href":"https:\/\/apiagentura.gov.cz\/cs\/wp-json\/wp\/v2\/users\/1"}],"replies":[{"embeddable":true,"href":"https:\/\/apiagentura.gov.cz\/cs\/wp-json\/wp\/v2\/comments?post=35426"}],"version-history":[{"count":0,"href":"https:\/\/apiagentura.gov.cz\/cs\/wp-json\/wp\/v2\/posts\/35426\/revisions"}],"wp:featuredmedia":[{"embeddable":true,"href":"https:\/\/apiagentura.gov.cz\/cs\/wp-json\/wp\/v2\/media\/35428"}],"wp:attachment":[{"href":"https:\/\/apiagentura.gov.cz\/cs\/wp-json\/wp\/v2\/media?parent=35426"}],"wp:term":[{"taxonomy":"category","embeddable":true,"href":"https:\/\/apiagentura.gov.cz\/cs\/wp-json\/wp\/v2\/categories?post=35426"},{"taxonomy":"post_tag","embeddable":true,"href":"https:\/\/apiagentura.gov.cz\/cs\/wp-json\/wp\/v2\/tags?post=35426"}],"curies":[{"name":"wp","href":"https:\/\/api.w.org\/{rel}","templated":true}]}}