{"id":36429,"date":"2023-11-10T14:31:30","date_gmt":"2023-11-10T13:31:30","guid":{"rendered":"https:\/\/www.apiagentura.gov.cz\/?p=36429"},"modified":"2023-11-10T14:36:44","modified_gmt":"2023-11-10T13:36:44","slug":"podnikatelske-projekty-roku-2023-vyhlaseny","status":"publish","type":"post","link":"https:\/\/apiagentura.gov.cz\/cs\/podnikatelske-projekty-roku-2023-vyhlaseny\/","title":{"rendered":"Podnikatelsk\u00e9 projekty roku 2023 vyhl\u00e1\u0161eny"},"content":{"rendered":"<p><\/p>\n<p style=\"text-align: justify;\">Ministerstvo pr\u016fmyslu a obchodu (MPO) ve spolupr\u00e1ci s Agenturou pro podnik\u00e1n\u00ed a inovace (API) ocenilo podnikatele v presti\u017en\u00ed sout\u011b\u017ei Podnikatelsk\u00fd projekt roku. Ta ud\u011bluje ceny za \u00fasp\u011b\u0161n\u00e9 projekty podpo\u0159en\u00e9 z evropsk\u00fdch struktur\u00e1ln\u00edch fond\u016f ji\u017e od roku 2006. <strong>Projekty ro\u010dn\u00edku 2023 byly realizov\u00e1ny z Opera\u010dn\u00edho programu Podnik\u00e1n\u00ed a inovace pro konkurenceschopnost (OP PIK)<\/strong>. V Martinick\u00e9m pal\u00e1ci byly slavnostn\u011b p\u0159ed\u00e1ny ceny za v\u00edt\u011bzn\u00e9 projekty <strong>12 \u00fasp\u011b\u0161n\u00fdch podnikatel\u016f<\/strong>.<\/p>\n<p style=\"text-align: justify;\"><strong>V\u00edt\u011bzi za rok 2023 se staly spole\u010dnosti One3D v programu Aplikace, NIMETAL v programu Inovace a Univerzita Palack\u00e9ho v programu Slu\u017eby infrastruktury. D\u00e1le pak Lakum Galma a Mironet v programu Technologie a eTruhl\u00e1rna v programu Nemovitosti. V programu N\u00edzkouhl\u00edkov\u00e9 technologie zv\u00edt\u011bzila spole\u010dnost COMPAG MLAD\u00c1 BOLESLAV, spole\u010dnost Draslovka zabodovala v r\u00e1mci programu \u00daspory energi\u00ed a spole\u010dnost Dudinger v programu Obnoviteln\u00e9 zdroje energie. Jedin\u00fdm v\u00edt\u011bzem v r\u00e1mci programu ICT a sd\u00edlen\u00e9 slu\u017eby se stala spole\u010dnost FSG Finaudit.<\/strong> <strong>V leto\u0161n\u00edm ro\u010dn\u00edku z\u00e1rove\u0148 byly ocen\u011bny i dv\u011b spole\u010dnosti za mimo\u0159\u00e1dn\u00fd spole\u010densk\u00fd p\u0159\u00ednos, a to Xeno Cell Innovations a MiraclIS, ob\u011b v programu Aplikace.<\/strong><\/p>\n<p style=\"text-align: justify;\">Vyhl\u00e1\u0161en\u00ed v\u00fdsledk\u016f Podnikatelsk\u00e9ho projektu roku 2023 se uskute\u010dnilo za \u00fa\u010dasti z\u00e1stupc\u016f st\u00e1tn\u00ed spr\u00e1vy, soci\u00e1ln\u00edch a hospod\u00e1\u0159sk\u00fdch partner\u016f, a p\u0159edev\u0161\u00edm v\u00fdznamn\u00fdch osobnost\u00ed podnikatelsk\u00e9ho prost\u0159ed\u00ed.<\/p>\n<p style=\"text-align: justify;\"><em>\u201eSou\u010dasn\u00e1 situace v Evrop\u011b i ve sv\u011bt\u011b ukazuje, jak d\u016fle\u017eit\u00e1 je pomoc podnikatel\u016fm. Evropsk\u00e9 fondy n\u00e1m d\u00e1vaj\u00ed mo\u017enost tuto pomoc poskytnout a na nelehkou situaci reagovat. Vedle zav\u00e1d\u011bn\u00ed inovac\u00ed a rozvoje digitalizace podnik\u016f je nyn\u00ed nezbytn\u00e9 posilovat efektivn\u00ed a udr\u017eiteln\u00e9 podnik\u00e1n\u00ed mimo jin\u00e9 v podob\u011b energetick\u00fdch \u00faspor \u010di rozvoje obnoviteln\u00fdch zdroj\u016f energie,\u201c<\/em> \u0159\u00edk\u00e1 ministr pr\u016fmyslu a obchodu Jozef S\u00edkela a dod\u00e1v\u00e1: <em>\u201eJe t\u0159eba, abychom vyu\u017eili ka\u017edou p\u0159\u00edle\u017eitost, kterou n\u00e1m na\u0161e \u010dlenstv\u00ed v Evropsk\u00e9 unii poskytuje, a podpo\u0159ili tak na\u0161i konkurenceschopnost<\/em>.\u201c<\/p>\n<p style=\"text-align: justify;\"><strong>OP PIK byl st\u011b\u017eejn\u00edm programem na podporu \u010desk\u00fdch podnikatel\u016f v letech 2014 a\u017e 2020<\/strong>. Na jejich rozvoj bylo z Evropsk\u00e9ho fondu pro region\u00e1ln\u00ed rozvoj vy\u010dlen\u011bno <strong>105 miliard korun<\/strong>. Podpora z programu byla zam\u011b\u0159ena p\u0159edev\u0161\u00edm na podporu mal\u00e9ho a st\u0159edn\u00edho podnik\u00e1n\u00ed. Projekty p\u0159isp\u011bly nap\u0159\u00edklad k vyu\u017eit\u00ed v\u00fdsledk\u016f pr\u016fmyslov\u00e9ho v\u00fdzkumu a experiment\u00e1ln\u00edho v\u00fdvoje nebo k rozvoji podnik\u00e1n\u00ed a konkurenceschopnosti mal\u00fdch a st\u0159edn\u00edch podnik\u016f. Podpo\u0159eny byly tak\u00e9 aktivity zam\u011b\u0159en\u00e9 na sni\u017eov\u00e1n\u00ed energetick\u00e9 n\u00e1ro\u010dnosti podnikatelsk\u00e9ho sektoru, roz\u0161\u00ed\u0159en\u00ed vysokorychlostn\u00edch p\u0159\u00edstupov\u00fdch s\u00edt\u00ed k internetu \u010di rozvoj informa\u010dn\u00edch a komunika\u010dn\u00edch technologi\u00ed.<\/p>\n<p style=\"text-align: justify;\"><strong>\u00dasp\u011b\u0161n\u00e9 projekty Podnikatelsk\u00e9ho projektu roku<\/strong> <strong>mohla letos nominovat rovn\u011b\u017e \u0161irok\u00e1 ve\u0159ejnost<\/strong>. Pomohla tak roz\u0161\u00ed\u0159it hled\u00e1\u010dek porot\u011b slo\u017een\u00e9 z garant\u016f program\u016f MPO a API. <em>\u201eProjekty ro\u010dn\u00edku 2023 jsou ocen\u011bny v r\u00e1mci \u010dty\u0159 prioritn\u00edch os opera\u010dn\u00edho programu a byly proto hodnoceny dle hodnot\u00edc\u00edch krit\u00e9ri\u00ed specifick\u00fdch pro danou oblast podpory. Nap\u0159\u00ed\u010d prioritami se v\u0161ak hodnotila nap\u0159\u00edklad tak\u00e9 kvalita p\u0159\u00edpravy projektu, pr\u016fb\u011bhu realizace \u010di z\u00e1v\u011bre\u010dn\u00e9ho hodnocen\u00ed, p\u0159\u00ednos pro region \u010di spole\u010densk\u00fd a environment\u00e1ln\u00ed p\u0159\u00ednos. Mezi projekty leto\u0161n\u00edho ro\u010dn\u00edku oce\u0148ujeme i dva projekty speci\u00e1ln\u00ed kategorie s mimo\u0159\u00e1dn\u00fdm spole\u010densky prosp\u011b\u0161n\u00fdm dopadem,\u201c<\/em> vysv\u011btluje vrchn\u00ed \u0159editel sekce fond\u016f EU Marian Piecha.<\/p>\n<p style=\"text-align: justify;\"><em>\u201ePresti\u017en\u00ed ocen\u011bn\u00ed Podnikatelsk\u00fd projekt roku letos op\u011bt z\u00edskala \u0159ada \u0161pi\u010dkov\u00fdch realizac\u00ed \u010desk\u00fdch firem. Projekty, kter\u00e9 administrujeme, c\u00edl\u00ed na zvy\u0161ov\u00e1n\u00ed konkurenceschopnosti na\u0161ich podnikatel\u016f a znamenaj\u00ed tak v\u017edy v\u00fdznamn\u00fd posun v jejich rozvoji, zvy\u0161ov\u00e1n\u00ed hodnoty jejich know-how, pozice na trhu a pozitivn\u00edho environment\u00e1ln\u00edho dopadu. Podpora z OP PIK a navazuj\u00edc\u00edho OP TAK ze struktur\u00e1ln\u00edch fond\u016f EU tak p\u0159edstavuje kl\u00ed\u010dov\u00e9 investice, kter\u00e9 se pod\u00edl\u00ed na rozvoji konkurenceschopnosti ekonomiky \u010cesk\u00e9 republiky,\u201c<\/em> \u0159\u00edk\u00e1 Jan Pisk\u00e1\u010dek, gener\u00e1ln\u00ed \u0159editel Agentury pro podnik\u00e1n\u00ed a inovace.<\/p>\n<p style=\"text-align: justify;\"><em>\u201eRok 2023 je pro OP PIK rokem rozhoduj\u00edc\u00edm. Nese se ve znamen\u00ed spole\u010dn\u00e9ho \u00fasil\u00ed dokon\u010den\u00ed realizace v\u0161ech projekt\u016f, v\u010dasn\u00e9ho proplacen\u00ed t\u011bch \u00fasp\u011b\u0161n\u00fdch a uzav\u00edr\u00e1n\u00ed cel\u00e9ho opera\u010dn\u00edho programu. Podnikatel\u00e9, p\u0159\u00edjemci, ale i my za MPO a API m\u00e1me stejn\u00fd c\u00edl \u2013 do\u010derpat v\u010das evropsk\u00e9 prost\u0159edky pro podnikatele na obdob\u00ed 2014-2020,\u201c<\/em> \u0159\u00edk\u00e1 vrchn\u00ed \u0159editel sekce fond\u016f EU Marian Piecha a uzav\u00edr\u00e1: <em>\u201eJsem velmi optimistick\u00fd v tom, \u017ee se n\u00e1m v z\u00e1v\u011bru tohoto roku poda\u0159\u00ed prost\u0159edky OP PIK \u00fasp\u011b\u0161n\u011b do\u010derpat a n\u00e1sledn\u011b zcela uzav\u0159\u00edt celkov\u00e9 \u00fa\u010dty sm\u011brem k Evropsk\u00e9 komisi.\u201c<\/em><\/p>\n<p style=\"text-align: justify;\"><strong>Na OP PIK v nov\u00e9m programov\u00e9m obdob\u00ed 2021-2027 nav\u00e1zal Opera\u010dn\u00ed program Technologie a aplikace pro konkurenceschopnost (OP TAK) s alokac\u00ed 81,5 mld. K\u010d.<\/strong> V p\u0159\u00edpad\u011b OP TAK jde v po\u0159ad\u00ed o \u010dtvrt\u00fd opera\u010dn\u00ed program, kde v roli poskytovatele dotace stoj\u00ed Ministerstvo pr\u016fmyslu a obchodu.<\/p>\n<p style=\"text-align: justify;\">Ocen\u011bn\u00e9 Podnikatelsk\u00e9 projekty roku 2023 naleznete <a href=\"https:\/\/www.mpo.cz\/cz\/podnikani\/dotace-a-podpora-podnikani\/oppik-2014-2020\/konference-a-seminare-v-ramci-op-pik\/ozveny-podnikatelskeho-projektu-roku-2023--277928\/\">zde<\/a>.<\/p>\n<p><\/p>","protected":false},"excerpt":{"rendered":"<p>Rozd\u00e1ny ceny pro 12 \u00fasp\u011b\u0161n\u00fdch podnikatel\u016f<\/p>\n","protected":false},"author":1,"featured_media":36433,"comment_status":"closed","ping_status":"closed","sticky":false,"template":"","format":"standard","meta":{"inline_featured_image":false,"footnotes":""},"categories":[12],"tags":[],"class_list":["post-36429","post","type-post","status-publish","format-standard","has-post-thumbnail","hentry","category-clanky"],"publishpress_future_action":{"enabled":false,"date":"2026-05-07 07:59:12","action":"change-status","newStatus":"draft","terms":[],"taxonomy":"category","extraData":[]},"publishpress_future_workflow_manual_trigger":{"enabledWorkflows":[]},"_links":{"self":[{"href":"https:\/\/apiagentura.gov.cz\/cs\/wp-json\/wp\/v2\/posts\/36429","targetHints":{"allow":["GET"]}}],"collection":[{"href":"https:\/\/apiagentura.gov.cz\/cs\/wp-json\/wp\/v2\/posts"}],"about":[{"href":"https:\/\/apiagentura.gov.cz\/cs\/wp-json\/wp\/v2\/types\/post"}],"author":[{"embeddable":true,"href":"https:\/\/apiagentura.gov.cz\/cs\/wp-json\/wp\/v2\/users\/1"}],"replies":[{"embeddable":true,"href":"https:\/\/apiagentura.gov.cz\/cs\/wp-json\/wp\/v2\/comments?post=36429"}],"version-history":[{"count":0,"href":"https:\/\/apiagentura.gov.cz\/cs\/wp-json\/wp\/v2\/posts\/36429\/revisions"}],"wp:featuredmedia":[{"embeddable":true,"href":"https:\/\/apiagentura.gov.cz\/cs\/wp-json\/wp\/v2\/media\/36433"}],"wp:attachment":[{"href":"https:\/\/apiagentura.gov.cz\/cs\/wp-json\/wp\/v2\/media?parent=36429"}],"wp:term":[{"taxonomy":"category","embeddable":true,"href":"https:\/\/apiagentura.gov.cz\/cs\/wp-json\/wp\/v2\/categories?post=36429"},{"taxonomy":"post_tag","embeddable":true,"href":"https:\/\/apiagentura.gov.cz\/cs\/wp-json\/wp\/v2\/tags?post=36429"}],"curies":[{"name":"wp","href":"https:\/\/api.w.org\/{rel}","templated":true}]}}