{"id":9347,"date":"2018-02-09T16:00:22","date_gmt":"2018-02-09T15:00:22","guid":{"rendered":"https:\/\/www.apiagentura.gov.cz\/?p=9347"},"modified":"2018-02-09T16:02:17","modified_gmt":"2018-02-09T15:02:17","slug":"regionalni-kancelare-api-predstavily-aktualni-vyzvy-op-pik","status":"publish","type":"post","link":"https:\/\/apiagentura.gov.cz\/cs\/regionalni-kancelare-api-predstavily-aktualni-vyzvy-op-pik\/","title":{"rendered":"Region\u00e1ln\u00ed kancel\u00e1\u0159e API p\u0159edstavily aktu\u00e1ln\u00ed v\u00fdzvy OP PIK"},"content":{"rendered":"<p>Snaha Agentury pro podnik\u00e1n\u00ed a inovace (API) koordinovat aktivity a spolupr\u00e1ci v\u00a0regionech s\u00a0m\u00edstn\u00edmi organizacemi, kter\u00e9 takt\u00e9\u017e nab\u00edz\u00ed r\u016fznorod\u00e9 n\u00e1stroje podpory region\u00e1ln\u00ed politiky na poli \u010derp\u00e1n\u00ed z\u00a0fond\u016f Evropsk\u00e9 unie, vedla v\u00a0uplynul\u00fdch dnech k\u00a0uspo\u0159\u00e1d\u00e1n\u00ed n\u011bkolika \u00fasp\u011b\u0161n\u00fdch spole\u010dn\u00fdch semin\u00e1\u0159\u016f.<\/p>\n<p>Z\u00a0tohoto titulu region\u00e1ln\u00ed kancel\u00e1\u0159e API uspo\u0159\u00e1daly <strong>6. \u00fanora 2018 ve spolupr\u00e1ci se zprost\u0159edkuj\u00edc\u00edm subjektem\u00a0ITI Plze\u0148 a Eurocentrem Liberec a 8. \u00fanora 2018 s\u00a0Eurocentrem Hradec Kr\u00e1lov\u00e9<\/strong> semin\u00e1\u0159e zam\u011b\u0159en\u00e9 na bli\u017e\u0161\u00ed sezn\u00e1men\u00ed z\u00e1jemc\u016f <a href=\"https:\/\/www.apiagentura.gov.cz\/o-api\/vsechny-vyzvy\/\">s\u00a0otev\u0159en\u00fdmi v\u00fdzvami v OPPIK<\/a>. V <a href=\"https:\/\/www.apiagentura.gov.cz\/wp-content\/uploads\/2018\/01\/Pozv%C3%A1nka-Aktu%C3%A1ln%C3%AD-v%C3%BDzvy-OP-PIK-v%C4%8Detn%C4%9B-v%C3%BDzev-ITI-Plze%C5%88-6.2.2018-1.pdf\">Plzni<\/a> na t\u00e9ma: Aktu\u00e1ln\u00ed v\u00fdzvy OP PIK v\u010detn\u011b v\u00fdzev ITI Plze\u0148, v\u00a0<a href=\"https:\/\/www.apiagentura.gov.cz\/wp-content\/uploads\/2018\/01\/Pozv%C3%A1nka-na-semin%C3%A1%C5%99-OP-PIK-6.2.2018.pdf\">Liberci<\/a> a <a href=\"https:\/\/www.apiagentura.gov.cz\/wp-content\/uploads\/2018\/01\/Pozv%c3%a1nka-na-semin%c3%a1%c5%99-8.2.2018-OP-PIK.pdf\">Hradci Kr\u00e1lov\u00e9<\/a> na t\u00e9ma: Aktu\u00e1ln\u00ed dota\u010dn\u00ed p\u0159\u00edle\u017eitosti OP PIK.<\/p>\n<p><strong>V\u00a0Plzni<\/strong>, spole\u010dn\u011b se zprost\u0159edkuj\u00edc\u00edm subjektem ITI (z anglick\u00e9ho \u201eIntegrated Territorial Investments\u201c)\u00a0plze\u0148sk\u00e9 metropolitn\u00ed oblasti, byl z\u00e1jemc\u016fm odprezentov\u00e1n obsah celkem t\u0159in\u00e1cti v\u00fdzev, kter\u00e9 budou v nejbli\u017e\u0161\u00edm obdob\u00ed vyhl\u00e1\u0161en\u00e9 \u010di u nich v sou\u010dasn\u00e9 dob\u011b ji\u017e prob\u00edh\u00e1 p\u0159\u00edjem \u017e\u00e1dost\u00ed. <strong>Nejv\u011bt\u0161\u00ed z\u00e1jem vzbudila prvn\u00ed v\u00fdzva nov\u00e9ho programu Proof of Concept.<\/strong><\/p>\n<p><strong>V\u00a0Liberci<\/strong>, kde byl semin\u00e1\u0159 zorganizov\u00e1n spole\u010dn\u011b s Eurocentrem Liberec, bylo hlavn\u00edm t\u00e9matem p\u0159edstaven\u00ed slu\u017eeb Eurocentra a libereck\u00e9 region\u00e1ln\u00ed kancel\u00e1\u0159e API. C\u00edlem bylo poskytnout potenci\u00e1ln\u00edm \u017eadatel\u016fm kompletn\u00ed informace o aktu\u00e1ln\u011b vyhl\u00e1\u0161en\u00fdch v\u00fdzv\u00e1ch v\u00a0programech OP PIK a o tom, co mohou \u017eadatel\u00e9 o\u010dek\u00e1vat od p\u0159\u00edpravn\u00fdch i realiza\u010dn\u00edch f\u00e1z\u00ed projektu. V\u00a0z\u00e1v\u011bru semin\u00e1\u0159e prob\u011bhla diskuse a n\u011bkolik individu\u00e1ln\u00edch konzultac\u00ed. <strong>Nejv\u00edce diskutovanou v\u00fdzvou byla t\u0159et\u00ed v\u00fdzva programu \u00daspory energie.<\/strong><\/p>\n<p><strong>V\u00a0Hradci Kr\u00e1lov\u00e9<\/strong> p\u0159edstavila z\u00e1stupkyn\u011b region\u00e1ln\u00ed kancel\u00e1\u0159e API OP PIK a sezn\u00e1mila \u00fa\u010dastn\u00edky s\u00a0aktu\u00e1ln\u011b vyhl\u00e1\u0161en\u00fdmi v\u00fdzvami a harmonogramem v\u00fdzev na rok 2018. Po prezentaci n\u00e1sledovala diskuze a do\u0161lo i na individu\u00e1ln\u00ed konzultace. Tradi\u010dn\u011b nejv\u011bt\u0161\u00ed z\u00e1jem byl o mo\u017enosti podpory na po\u0159\u00edzen\u00ed technologi\u00ed \u010di rekonstrukci nemovitosti. Mimoto poslucha\u010de tak\u00e9 zaujala novinka mezi v\u00fdzvami <strong>Proof of Concept.<\/strong><\/p>\n<p>&nbsp;<\/p>\n<p>&nbsp;<\/p>\n<p>&nbsp;<\/p>","protected":false},"excerpt":{"rendered":"<p>Semin\u00e1\u0159e pro ve\u0159ejnost se uskute\u010dnily v Plzni, Liberci a Hradci Kr\u00e1lov\u00e9.<\/p>\n","protected":false},"author":1,"featured_media":9348,"comment_status":"closed","ping_status":"closed","sticky":false,"template":"","format":"standard","meta":{"inline_featured_image":false,"footnotes":""},"categories":[12],"tags":[],"class_list":["post-9347","post","type-post","status-publish","format-standard","has-post-thumbnail","hentry","category-clanky"],"publishpress_future_action":{"enabled":false,"date":"2026-05-08 13:08:15","action":"change-status","newStatus":"draft","terms":[],"taxonomy":"category","extraData":[]},"publishpress_future_workflow_manual_trigger":{"enabledWorkflows":[]},"_links":{"self":[{"href":"https:\/\/apiagentura.gov.cz\/cs\/wp-json\/wp\/v2\/posts\/9347","targetHints":{"allow":["GET"]}}],"collection":[{"href":"https:\/\/apiagentura.gov.cz\/cs\/wp-json\/wp\/v2\/posts"}],"about":[{"href":"https:\/\/apiagentura.gov.cz\/cs\/wp-json\/wp\/v2\/types\/post"}],"author":[{"embeddable":true,"href":"https:\/\/apiagentura.gov.cz\/cs\/wp-json\/wp\/v2\/users\/1"}],"replies":[{"embeddable":true,"href":"https:\/\/apiagentura.gov.cz\/cs\/wp-json\/wp\/v2\/comments?post=9347"}],"version-history":[{"count":0,"href":"https:\/\/apiagentura.gov.cz\/cs\/wp-json\/wp\/v2\/posts\/9347\/revisions"}],"wp:featuredmedia":[{"embeddable":true,"href":"https:\/\/apiagentura.gov.cz\/cs\/wp-json\/wp\/v2\/media\/9348"}],"wp:attachment":[{"href":"https:\/\/apiagentura.gov.cz\/cs\/wp-json\/wp\/v2\/media?parent=9347"}],"wp:term":[{"taxonomy":"category","embeddable":true,"href":"https:\/\/apiagentura.gov.cz\/cs\/wp-json\/wp\/v2\/categories?post=9347"},{"taxonomy":"post_tag","embeddable":true,"href":"https:\/\/apiagentura.gov.cz\/cs\/wp-json\/wp\/v2\/tags?post=9347"}],"curies":[{"name":"wp","href":"https:\/\/api.w.org\/{rel}","templated":true}]}}